{"id":216735,"date":"2022-05-31T11:44:28","date_gmt":"2022-05-31T09:44:28","guid":{"rendered":"https:\/\/malco-hdf.com\/?p=216735"},"modified":"2026-04-14T14:41:47","modified_gmt":"2026-04-14T12:41:47","slug":"216735","status":"publish","type":"post","link":"https:\/\/malco-hdf.com\/index.php\/2022\/05\/31\/216735\/","title":{"rendered":"Appel \u00e0 Projet pour la Sant\u00e9 Mentale des Jeunes : Psychodon"},"content":{"rendered":"<p>[et_pb_section fb_built=\u00a0\u00bb1&Prime; admin_label=\u00a0\u00bbBlog Hero\u00a0\u00bb _builder_version=\u00a0\u00bb4.16&Prime; background_color=\u00a0\u00bb#FFFFFF\u00a0\u00bb use_background_color_gradient=\u00a0\u00bbon\u00a0\u00bb background_color_gradient_stops=\u00a0\u00bb#efefef 0%|#ffffff 100%\u00a0\u00bb background_color_gradient_start=\u00a0\u00bb#efefef\u00a0\u00bb background_color_gradient_end=\u00a0\u00bb#ffffff\u00a0\u00bb background_blend=\u00a0\u00bbmultiply\u00a0\u00bb min_height=\u00a0\u00bb419.5px\u00a0\u00bb custom_margin=\u00a0\u00bb||-95px|||\u00a0\u00bb custom_padding=\u00a0\u00bb99px|0px|99px|0px|true|\u00a0\u00bb animation_style=\u00a0\u00bbslide\u00a0\u00bb animation_direction=\u00a0\u00bbtop\u00a0\u00bb animation_intensity_slide=\u00a0\u00bb2%\u00a0\u00bb locked=\u00a0\u00bboff\u00a0\u00bb global_colors_info=\u00a0\u00bb{}\u00a0\u00bb theme_builder_area=\u00a0\u00bbpost_content\u00a0\u00bb][et_pb_row _builder_version=\u00a0\u00bb4.16&Prime; background_size=\u00a0\u00bbinitial\u00a0\u00bb background_position=\u00a0\u00bbtop_left\u00a0\u00bb background_repeat=\u00a0\u00bbrepeat\u00a0\u00bb custom_margin=\u00a0\u00bb|||\u00a0\u00bb custom_padding=\u00a0\u00bb27px|0px|27px|0px\u00a0\u00bb custom_width_px=\u00a0\u00bb1280px\u00a0\u00bb global_colors_info=\u00a0\u00bb{}\u00a0\u00bb theme_builder_area=\u00a0\u00bbpost_content\u00a0\u00bb][et_pb_column type=\u00a0\u00bb4_4&Prime; _builder_version=\u00a0\u00bb4.16&Prime; custom_padding=\u00a0\u00bb|||\u00a0\u00bb global_colors_info=\u00a0\u00bb{}\u00a0\u00bb custom_padding__hover=\u00a0\u00bb|||\u00a0\u00bb theme_builder_area=\u00a0\u00bbpost_content\u00a0\u00bb][et_pb_post_title _builder_version=\u00a0\u00bb4.27.0&Prime; _module_preset=\u00a0\u00bbdefault\u00a0\u00bb theme_builder_area=\u00a0\u00bbpost_content\u00a0\u00bb date_format=\u00a0\u00bbM, Y\u00a0\u00bb comments=\u00a0\u00bboff\u00a0\u00bb featured_image=\u00a0\u00bboff\u00a0\u00bb author=\u00a0\u00bboff\u00a0\u00bb title_font=\u00a0\u00bbPoppins|700|||||||\u00a0\u00bb title_text_align=\u00a0\u00bbcenter\u00a0\u00bb title_font_size=\u00a0\u00bb39px\u00a0\u00bb meta_text_align=\u00a0\u00bbcenter\u00a0\u00bb hover_enabled=\u00a0\u00bb0&Prime; sticky_enabled=\u00a0\u00bb0&Prime;][\/et_pb_post_title][et_pb_text _builder_version=\u00a0\u00bb4.19.5&Prime; text_text_color=\u00a0\u00bb#0C71C3&Prime; text_font_size=\u00a0\u00bb16px\u00a0\u00bb text_line_height=\u00a0\u00bb1.9em\u00a0\u00bb header_text_color=\u00a0\u00bb#000000&Prime; background_size=\u00a0\u00bbinitial\u00a0\u00bb background_position=\u00a0\u00bbtop_left\u00a0\u00bb background_repeat=\u00a0\u00bbrepeat\u00a0\u00bb text_orientation=\u00a0\u00bbcenter\u00a0\u00bb max_width=\u00a0\u00bb540px\u00a0\u00bb module_alignment=\u00a0\u00bbcenter\u00a0\u00bb custom_margin=\u00a0\u00bb|-42px||-142px||\u00a0\u00bb text_font_size_tablet=\u00a0\u00bb14px\u00a0\u00bb text_font_size_phone=\u00a0\u00bb10px\u00a0\u00bb text_font_size_last_edited=\u00a0\u00bbon|phone\u00a0\u00bb locked=\u00a0\u00bboff\u00a0\u00bb global_colors_info=\u00a0\u00bb{}\u00a0\u00bb theme_builder_area=\u00a0\u00bbpost_content\u00a0\u00bb]<\/p>\n<p style=\"font-weight: 400; text-align: center;\"><span style=\"color: #0c71c3;\"><strong>En avril 2022, l\u2019\u00e9quipe Sant\u00e9 a r\u00e9pondu \u00e0 un appel \u00e0 projet sur la sant\u00e9 mentale des jeunes lanc\u00e9e par la Fondation Psychodon.\u00a0<\/strong><\/span><\/p>\n<p style=\"font-weight: 400;\">\n<p>[\/et_pb_text][et_pb_text _builder_version=\u00a0\u00bb4.19.5&Prime; _module_preset=\u00a0\u00bbdefault\u00a0\u00bb text_font_size=\u00a0\u00bb15px\u00a0\u00bb text_line_height=\u00a0\u00bb1.6em\u00a0\u00bb text_font_size_tablet=\u00a0\u00bb13px\u00a0\u00bb text_font_size_phone=\u00a0\u00bb9px\u00a0\u00bb text_font_size_last_edited=\u00a0\u00bbon|phone\u00a0\u00bb global_colors_info=\u00a0\u00bb{}\u00a0\u00bb theme_builder_area=\u00a0\u00bbpost_content\u00a0\u00bb]<\/p>\n<p style=\"text-align: justify;\"><span class=\"JsGRdQ\"><\/span><span style=\"color: #000000;\">Cet appel \u00e0 projet consiste \u00e0 soutenir les structures dans la mise en place des actions cibl\u00e9es exclusivement sur la sant\u00e9 mentale des jeunes. Pour cela, l&rsquo;\u00e9quipe Sant\u00e9 de MALCO HDF a propos\u00e9 le Pack Sant\u00e9 Apprenti.e.s qui regroupe 3 actions : VSA (Villages Sant\u00e9 Apprenti.e.s, PSA (Permanences Sant\u00e9 Apprenti.e.s) et SEIS (S\u00e9ances d&rsquo;\u00c9changes et d&rsquo;Information \u00e0 la Sant\u00e9). \u00c0 cela s&rsquo;ajoutent des journ\u00e9es au sein d&rsquo;un complxe sportif pour cr\u00e9er du lien entre les jeunes et lutter contre l&rsquo;isolement.<\/span><span class=\"JsGRdQ\"><\/span><\/p>\n<p style=\"text-align: justify;\"><strong><span style=\"color: #000000;\">Cet appel \u00e0 projet a \u00e9t\u00e9 d\u00e9coup\u00e9 en plusieurs \u00e9tapes de s\u00e9lection :<\/span><\/strong><\/p>\n<p style=\"text-align: justify;\"><span style=\"color: #000000;\">&#8211; L&rsquo;instruction d&rsquo;un dossier d&rsquo;appel \u00e0 projet \u00e0 envoyer \u00e0 la Fondation<\/span><\/p>\n<p style=\"text-align: justify;\"><span style=\"color: #000000;\">&#8211; Une premi\u00e8re s\u00e9lection des 10 meilleurs projets est faite sur l&rsquo;ensemble des dossiers d\u00e9pos\u00e9s.<\/span><\/p>\n<p style=\"text-align: justify;\"><span style=\"color: #000000;\"><span style=\"caret-color: #000000;\">&#8211; L&rsquo;\u00e9quipe sant\u00e9 a cr\u00e9\u00e9 une vid\u00e9o pr\u00e9sentant le projet et diffus\u00e9e sur un live Facebook lanc\u00e9e par la Fondation. Celui-ci a permis d&rsquo;\u00e9lire les 5 meilleurs projets choisi par le grand public.<\/span><\/span><span style=\"color: #000000;\"><span style=\"caret-color: #000000;\"><\/span><\/span><\/p>\n<p style=\"text-align: justify;\"><span style=\"color: #000000;\"><span style=\"caret-color: #000000;\">\u00c0 travers notre projet, nous permettrons un accompagnement global de la sant\u00e9 mentale des apprentis sur plusieurs niveaux, en passant par un accompagnement collectif \u00a0et pr\u00e9ventif en collaboration avec plusieurs partenaires sant\u00e9 du territoire, mais aussi un accompagnement indivuduel de l&rsquo;apprenti.<\/span><\/span><span style=\"color: #000000;\"><span style=\"caret-color: #000000;\"><b><\/b><\/span><\/span><\/p>\n<p style=\"text-align: justify;\"><span style=\"color: #000000;\"><span style=\"caret-color: #000000;\">Cet accompagnement complet et cibl\u00e9 sur la sant\u00e9 mentale a plu \u00e0 la Fondation et au public et a permis \u00e0 l&rsquo;\u00e9quipe Sant\u00e9 <b>d&rsquo;\u00eatre s\u00e9lection\u00e9e et d&rsquo;\u00eatre class\u00e9e 3\u00e8me avec 15,6% des voies.<\/b><\/span><\/span><\/p>\n<ul style=\"text-align: justify;\"><\/ul>\n<p style=\"text-align: justify;\">[\/et_pb_text][et_pb_testimonial author=\u00a0\u00bbCANDY DUCROCQ\u00a0\u00bb job_title=\u00a0\u00bbInfirmi\u00e8re Sp\u00e9cialis\u00e9e sur la Th\u00e9matique Apprenti.e.s\u00a0\u00bb company_name=\u00a0\u00bbMALCO HDF\u00a0\u00bb portrait_url=\u00a0\u00bbhttps:\/\/malco-hdf.com\/wp-content\/uploads\/2021\/11\/doctor-at-work-scaled.jpg\u00a0\u00bb quote_icon_color=\u00a0\u00bb#c03372&Prime; _builder_version=\u00a0\u00bb4.19.5&Prime; _module_preset=\u00a0\u00bbdefault\u00a0\u00bb body_text_align=\u00a0\u00bbjustify\u00a0\u00bb body_text_color=\u00a0\u00bb#000000&Prime; author_text_color=\u00a0\u00bb#c03372&Prime; author_font_size=\u00a0\u00bb15px\u00a0\u00bb position_text_color=\u00a0\u00bb#000000&Prime; body_font_size_tablet=\u00a0\u00bb12px\u00a0\u00bb body_font_size_phone=\u00a0\u00bb9px\u00a0\u00bb body_font_size_last_edited=\u00a0\u00bbon|phone\u00a0\u00bb author_font_size_tablet=\u00a0\u00bb13px\u00a0\u00bb author_font_size_phone=\u00a0\u00bb12px\u00a0\u00bb author_font_size_last_edited=\u00a0\u00bbon|desktop\u00a0\u00bb position_font_size_tablet=\u00a0\u00bb13px\u00a0\u00bb position_font_size_phone=\u00a0\u00bb11px\u00a0\u00bb position_font_size_last_edited=\u00a0\u00bbon|phone\u00a0\u00bb company_font_size_tablet=\u00a0\u00bb13px\u00a0\u00bb company_font_size_phone=\u00a0\u00bb12px\u00a0\u00bb company_font_size_last_edited=\u00a0\u00bbon|desktop\u00a0\u00bb border_width_all_portrait=\u00a0\u00bb4px\u00a0\u00bb border_color_all_portrait=\u00a0\u00bb#c03372&Prime; global_colors_info=\u00a0\u00bb{}\u00a0\u00bb theme_builder_area=\u00a0\u00bbpost_content\u00a0\u00bb]<\/p>\n<p style=\"font-weight: 400;\">\u00ab\u00a0Tout au long de l\u2019ann\u00e9e, durant les diff\u00e9rentes interventions effectu\u00e9es dans le p\u00f4le sant\u00e9, nous nous sommes aper\u00e7us que les jeunes apprentis \u00e9taient \u00e9norm\u00e9ment confront\u00e9s \u00e0 l\u2019isolement social, du fait de leur statut d\u2019apprenti et encore accentu\u00e9 par la crise sanitaire. Et nous avons donc souhait\u00e9, avec la r\u00e9f\u00e9rente sant\u00e9, qu\u2019il fallait participer \u00e0 un appel \u00e0 projet sur la sant\u00e9 mentales des jeunes car c\u2019est l\u2019une des plus grandes pr\u00e9occupations de l\u2019ann\u00e9e en termes de sant\u00e9.\u00a0\u00bb<\/p>\n<p>[\/et_pb_testimonial][\/et_pb_column][\/et_pb_row][\/et_pb_section][et_pb_section fb_built=\u00a0\u00bb1&Prime; _builder_version=\u00a0\u00bb4.16&Prime; _module_preset=\u00a0\u00bbdefault\u00a0\u00bb min_height=\u00a0\u00bb263.7px\u00a0\u00bb custom_margin=\u00a0\u00bb||-467px|||\u00a0\u00bb custom_padding=\u00a0\u00bb44px|||||\u00a0\u00bb global_colors_info=\u00a0\u00bb{}\u00a0\u00bb theme_builder_area=\u00a0\u00bbpost_content\u00a0\u00bb][et_pb_row _builder_version=\u00a0\u00bb4.16&Prime; _module_preset=\u00a0\u00bbdefault\u00a0\u00bb min_height=\u00a0\u00bb419.5px\u00a0\u00bb custom_margin=\u00a0\u00bb-37px|auto|-1131px|auto||\u00a0\u00bb custom_padding=\u00a0\u00bb1px|||||\u00a0\u00bb global_colors_info=\u00a0\u00bb{}\u00a0\u00bb theme_builder_area=\u00a0\u00bbpost_content\u00a0\u00bb][et_pb_column type=\u00a0\u00bb4_4&Prime; _builder_version=\u00a0\u00bb4.16&Prime; _module_preset=\u00a0\u00bbdefault\u00a0\u00bb global_colors_info=\u00a0\u00bb{}\u00a0\u00bb theme_builder_area=\u00a0\u00bbpost_content\u00a0\u00bb][et_pb_text _builder_version=\u00a0\u00bb4.19.5&Prime; text_text_color=\u00a0\u00bb#474ab6&Prime; text_font_size=\u00a0\u00bb15px\u00a0\u00bb text_line_height=\u00a0\u00bb1.9em\u00a0\u00bb background_size=\u00a0\u00bbinitial\u00a0\u00bb background_position=\u00a0\u00bbtop_left\u00a0\u00bb background_repeat=\u00a0\u00bbrepeat\u00a0\u00bb text_orientation=\u00a0\u00bbcenter\u00a0\u00bb max_width=\u00a0\u00bb608px\u00a0\u00bb module_alignment=\u00a0\u00bbcenter\u00a0\u00bb min_height=\u00a0\u00bb189px\u00a0\u00bb custom_margin=\u00a0\u00bb0px|||88px||\u00a0\u00bb custom_padding=\u00a0\u00bb||23px|0px||\u00a0\u00bb text_font_size_tablet=\u00a0\u00bb13px\u00a0\u00bb text_font_size_phone=\u00a0\u00bb9px\u00a0\u00bb text_font_size_last_edited=\u00a0\u00bbon|phone\u00a0\u00bb locked=\u00a0\u00bboff\u00a0\u00bb global_colors_info=\u00a0\u00bb{}\u00a0\u00bb theme_builder_area=\u00a0\u00bbpost_content\u00a0\u00bb]<\/p>\n<p style=\"font-weight: 400; text-align: justify;\"><span style=\"color: #000000;\">La prochaine \u00e9tape est la cr\u00e9ation de 2 vid\u00e9os\u00a0: un mini tournage avec Canal + avec une interview en mettant en action le p\u00f4le sant\u00e9 aupr\u00e8s des apprentis, et la participation au challenge <strong>#cquoitonmood<\/strong>\u00a0qui consiste \u00e0 choisir une \u00e9motion et l\u2019expliquer en quelques secondes.<\/span><\/p>\n<p style=\"font-weight: 400;\">\n<p style=\"font-weight: 400; text-align: justify;\"><span style=\"color: #000000;\">Gr\u00e2ce \u00e0 notre 3\u00e8me place, nous sommes invit\u00e9s par la Fondation \u00e0 participer au <strong>concert Caritatif \u00ab\u00a0MOOD OF THE DAY, Unis face aux maladies psychiques\u00a0\u00bb<\/strong> \u00e0 <strong>l\u2019OLYMPIA \u00e0 Paris le 13 juin 2022 \u00e0 20h<\/strong>. Pendant ce concert, l\u2019\u00e9quipe sant\u00e9 aura le privil\u00e8ge de monter sur sc\u00e8ne pour pr\u00e9senter<strong> le projet et le Pack Sant\u00e9 Apprenti.e.<\/strong><\/span><\/p>\n<p style=\"font-weight: 400; text-align: justify;\"><span style=\"color: #000000;\">Enfin, en accompagnement de cet appel \u00e0 projet, une cagnotte a \u00e9t\u00e9 ouverte pour une dur\u00e9e d\u2019un an par la fondation qui communiquera \u00e0 son sujet.<\/span><\/p>\n<p>[\/et_pb_text][et_pb_image src=\u00a0\u00bbhttps:\/\/malco-hdf.com\/wp-content\/uploads\/2022\/05\/MALCO-HDF-Psychodon.jpeg\u00a0\u00bb title_text=\u00a0\u00bbMALCO HDF-Psychodon\u00a0\u00bb _builder_version=\u00a0\u00bb4.27.0&Prime; _module_preset=\u00a0\u00bbdefault\u00a0\u00bb hover_enabled=\u00a0\u00bb0&Prime; global_colors_info=\u00a0\u00bb{}\u00a0\u00bb theme_builder_area=\u00a0\u00bbpost_content\u00a0\u00bb width=\u00a0\u00bb65%\u00a0\u00bb module_alignment=\u00a0\u00bbcenter\u00a0\u00bb sticky_enabled=\u00a0\u00bb0&Prime;][\/et_pb_image][\/et_pb_column][\/et_pb_row][\/et_pb_section]<\/p>\n","protected":false},"excerpt":{"rendered":"<p>En avril 2022, l\u2019\u00e9quipe Sant\u00e9 a r\u00e9pondu \u00e0 un appel \u00e0 projet sur la sant\u00e9 mentale des jeunes lanc\u00e9e par la Fondation Psychodon. Il consiste \u00e0 soutenir les structures dans la mise en place des actions cibl\u00e9es exclusivement sur la sant\u00e9 mentale des jeunes.<\/p>\n","protected":false},"author":2,"featured_media":216738,"comment_status":"open","ping_status":"open","sticky":false,"template":"","format":"standard","meta":{"_et_pb_use_builder":"on","_et_pb_old_content":"","_et_gb_content_width":"","footnotes":""},"categories":[33],"tags":[],"class_list":["post-216735","post","type-post","status-publish","format-standard","has-post-thumbnail","hentry","category-sante"],"_links":{"self":[{"href":"https:\/\/malco-hdf.com\/index.php\/wp-json\/wp\/v2\/posts\/216735","targetHints":{"allow":["GET"]}}],"collection":[{"href":"https:\/\/malco-hdf.com\/index.php\/wp-json\/wp\/v2\/posts"}],"about":[{"href":"https:\/\/malco-hdf.com\/index.php\/wp-json\/wp\/v2\/types\/post"}],"author":[{"embeddable":true,"href":"https:\/\/malco-hdf.com\/index.php\/wp-json\/wp\/v2\/users\/2"}],"replies":[{"embeddable":true,"href":"https:\/\/malco-hdf.com\/index.php\/wp-json\/wp\/v2\/comments?post=216735"}],"version-history":[{"count":9,"href":"https:\/\/malco-hdf.com\/index.php\/wp-json\/wp\/v2\/posts\/216735\/revisions"}],"predecessor-version":[{"id":218086,"href":"https:\/\/malco-hdf.com\/index.php\/wp-json\/wp\/v2\/posts\/216735\/revisions\/218086"}],"wp:featuredmedia":[{"embeddable":true,"href":"https:\/\/malco-hdf.com\/index.php\/wp-json\/wp\/v2\/media\/216738"}],"wp:attachment":[{"href":"https:\/\/malco-hdf.com\/index.php\/wp-json\/wp\/v2\/media?parent=216735"}],"wp:term":[{"taxonomy":"category","embeddable":true,"href":"https:\/\/malco-hdf.com\/index.php\/wp-json\/wp\/v2\/categories?post=216735"},{"taxonomy":"post_tag","embeddable":true,"href":"https:\/\/malco-hdf.com\/index.php\/wp-json\/wp\/v2\/tags?post=216735"}],"curies":[{"name":"wp","href":"https:\/\/api.w.org\/{rel}","templated":true}]}}