{"id":216610,"date":"2022-03-14T13:43:50","date_gmt":"2022-03-14T12:43:50","guid":{"rendered":"https:\/\/malco-hdf.com\/?p=216610"},"modified":"2026-04-14T14:43:50","modified_gmt":"2026-04-14T12:43:50","slug":"216610","status":"publish","type":"post","link":"https:\/\/malco-hdf.com\/index.php\/2022\/03\/14\/216610\/","title":{"rendered":"Le Nord ouvre ses portes \u00e0 MALCO HDF"},"content":{"rendered":"<p>[et_pb_section fb_built=\u00a0\u00bb1&Prime; admin_label=\u00a0\u00bbBlog Hero\u00a0\u00bb _builder_version=\u00a0\u00bb4.16&Prime; background_color_gradient_start=\u00a0\u00bbrgba(114,114,255,0.24)\u00a0\u00bb background_color_gradient_end=\u00a0\u00bb#ffffff\u00a0\u00bb background_blend=\u00a0\u00bbmultiply\u00a0\u00bb min_height=\u00a0\u00bb419.5px\u00a0\u00bb custom_margin=\u00a0\u00bb||-95px|||\u00a0\u00bb custom_padding=\u00a0\u00bb99px|0px|99px|0px|true|\u00a0\u00bb animation_style=\u00a0\u00bbslide\u00a0\u00bb animation_direction=\u00a0\u00bbtop\u00a0\u00bb animation_intensity_slide=\u00a0\u00bb2%\u00a0\u00bb locked=\u00a0\u00bboff\u00a0\u00bb global_colors_info=\u00a0\u00bb{}\u00a0\u00bb theme_builder_area=\u00a0\u00bbpost_content\u00a0\u00bb][et_pb_row _builder_version=\u00a0\u00bb4.16&Prime; background_size=\u00a0\u00bbinitial\u00a0\u00bb background_position=\u00a0\u00bbtop_left\u00a0\u00bb background_repeat=\u00a0\u00bbrepeat\u00a0\u00bb custom_margin=\u00a0\u00bb|||\u00a0\u00bb custom_padding=\u00a0\u00bb27px|0px|27px|0px\u00a0\u00bb custom_width_px=\u00a0\u00bb1280px\u00a0\u00bb global_colors_info=\u00a0\u00bb{}\u00a0\u00bb theme_builder_area=\u00a0\u00bbpost_content\u00a0\u00bb][et_pb_column type=\u00a0\u00bb4_4&Prime; _builder_version=\u00a0\u00bb4.16&Prime; custom_padding=\u00a0\u00bb|||\u00a0\u00bb global_colors_info=\u00a0\u00bb{}\u00a0\u00bb custom_padding__hover=\u00a0\u00bb|||\u00a0\u00bb theme_builder_area=\u00a0\u00bbpost_content\u00a0\u00bb][et_pb_post_title _builder_version=\u00a0\u00bb4.27.0&Prime; _module_preset=\u00a0\u00bbdefault\u00a0\u00bb theme_builder_area=\u00a0\u00bbpost_content\u00a0\u00bb author=\u00a0\u00bboff\u00a0\u00bb date_format=\u00a0\u00bbM, Y\u00a0\u00bb categories=\u00a0\u00bboff\u00a0\u00bb comments=\u00a0\u00bboff\u00a0\u00bb featured_image=\u00a0\u00bboff\u00a0\u00bb title_font=\u00a0\u00bbPoppins|700|||||||\u00a0\u00bb title_font_size=\u00a0\u00bb38px\u00a0\u00bb title_text_align=\u00a0\u00bbcenter\u00a0\u00bb meta_text_align=\u00a0\u00bbcenter\u00a0\u00bb hover_enabled=\u00a0\u00bb0&Prime; sticky_enabled=\u00a0\u00bb0&Prime;][\/et_pb_post_title][et_pb_text _builder_version=\u00a0\u00bb4.19.5&Prime; text_text_color=\u00a0\u00bb#474ab6&Prime; text_font_size=\u00a0\u00bb16px\u00a0\u00bb text_line_height=\u00a0\u00bb1.9em\u00a0\u00bb background_size=\u00a0\u00bbinitial\u00a0\u00bb background_position=\u00a0\u00bbtop_left\u00a0\u00bb background_repeat=\u00a0\u00bbrepeat\u00a0\u00bb text_orientation=\u00a0\u00bbcenter\u00a0\u00bb max_width=\u00a0\u00bb762px\u00a0\u00bb module_alignment=\u00a0\u00bbcenter\u00a0\u00bb custom_margin=\u00a0\u00bb|-42px||-167px||\u00a0\u00bb text_font_size_tablet=\u00a0\u00bb13px\u00a0\u00bb text_font_size_phone=\u00a0\u00bb11px\u00a0\u00bb text_font_size_last_edited=\u00a0\u00bbon|phone\u00a0\u00bb locked=\u00a0\u00bboff\u00a0\u00bb global_colors_info=\u00a0\u00bb{}\u00a0\u00bb theme_builder_area=\u00a0\u00bbpost_content\u00a0\u00bb inline_fonts=\u00a0\u00bbPoppins\u00a0\u00bb]<\/p>\n<p class=\"_04xlpA direction-ltr align-center para-style-subtitle\" style=\"text-align: justify;\"><span style=\"color: #0c71c3; font-family: Poppins;\"><b>Un nouveau Village Sant\u00e9 Apprenti.e.s (VSA) pour MALCO HDF mais cette fois-ci cette action de pr\u00e9vention se d\u00e9roule aupr\u00e8s des apprenti.e.s du Dunkerquois<\/b><\/span><\/p>\n<p>[\/et_pb_text][et_pb_text _builder_version=\u00a0\u00bb4.19.5&Prime; text_text_color=\u00a0\u00bb#474ab6&Prime; text_font_size=\u00a0\u00bb16px\u00a0\u00bb text_line_height=\u00a0\u00bb1.9em\u00a0\u00bb background_size=\u00a0\u00bbinitial\u00a0\u00bb background_position=\u00a0\u00bbtop_left\u00a0\u00bb background_repeat=\u00a0\u00bbrepeat\u00a0\u00bb text_orientation=\u00a0\u00bbcenter\u00a0\u00bb max_width=\u00a0\u00bb754px\u00a0\u00bb module_alignment=\u00a0\u00bbcenter\u00a0\u00bb custom_margin=\u00a0\u00bb|-92px||-92px||\u00a0\u00bb custom_padding=\u00a0\u00bb||0px|0px||\u00a0\u00bb text_font_size_tablet=\u00a0\u00bb13px\u00a0\u00bb text_font_size_phone=\u00a0\u00bb10px\u00a0\u00bb text_font_size_last_edited=\u00a0\u00bbon|phone\u00a0\u00bb locked=\u00a0\u00bboff\u00a0\u00bb global_colors_info=\u00a0\u00bb{}\u00a0\u00bb theme_builder_area=\u00a0\u00bbpost_content\u00a0\u00bb]<\/p>\n<p class=\"_04xlpA direction-ltr align-center para-style-subtitle\" style=\"text-align: justify;\"><span style=\"color: #000000;\">Mardi 22 f\u00e9vrier, MALCO HDF a pu s&rsquo;ouvrir sur Dunkerque gr\u00e2ce \u00e0 un nouveau VSA au sein de la CMA de Dunkerque. Une nouvelle opportunit\u00e9 de sensibiliser les apprentis \u00e0 travers des actions de pr\u00e9vention sant\u00e9 sur diff\u00e9rentes th\u00e9matiques. Nos partenaires sant\u00e9 du Dunkerquois se sont mobilis\u00e9s afin de pr\u00e9senter leur structure et leurs th\u00e9matiques cl\u00e9es aux 126 apprentis sur le Village Sant\u00e9.<\/span><\/p>\n<p>[\/et_pb_text][\/et_pb_column][\/et_pb_row][\/et_pb_section][et_pb_section fb_built=\u00a0\u00bb1&Prime; _builder_version=\u00a0\u00bb4.16&Prime; _module_preset=\u00a0\u00bbdefault\u00a0\u00bb min_height=\u00a0\u00bb666.7px\u00a0\u00bb custom_margin=\u00a0\u00bb||-133px|||\u00a0\u00bb global_colors_info=\u00a0\u00bb{}\u00a0\u00bb theme_builder_area=\u00a0\u00bbpost_content\u00a0\u00bb][et_pb_row _builder_version=\u00a0\u00bb4.16&Prime; _module_preset=\u00a0\u00bbdefault\u00a0\u00bb custom_margin=\u00a0\u00bb-37px|auto||auto||\u00a0\u00bb custom_padding=\u00a0\u00bb1px|||1px||\u00a0\u00bb global_colors_info=\u00a0\u00bb{}\u00a0\u00bb theme_builder_area=\u00a0\u00bbpost_content\u00a0\u00bb][et_pb_column type=\u00a0\u00bb4_4&Prime; _builder_version=\u00a0\u00bb4.16&Prime; _module_preset=\u00a0\u00bbdefault\u00a0\u00bb global_colors_info=\u00a0\u00bb{}\u00a0\u00bb theme_builder_area=\u00a0\u00bbpost_content\u00a0\u00bb][et_pb_image src=\u00a0\u00bbhttps:\/\/malco-hdf.com\/wp-content\/uploads\/2022\/03\/274502210_3215150935440376_8001211573470356846_n.jpg\u00a0\u00bb title_text=\u00a0\u00bb274502210_3215150935440376_8001211573470356846_n\u00a0\u00bb _builder_version=\u00a0\u00bb4.27.0&Prime; _module_preset=\u00a0\u00bbdefault\u00a0\u00bb min_height=\u00a0\u00bb471.7px\u00a0\u00bb custom_margin=\u00a0\u00bb||-93px|||\u00a0\u00bb custom_padding=\u00a0\u00bb||0px|||\u00a0\u00bb hover_enabled=\u00a0\u00bb0&Prime; global_colors_info=\u00a0\u00bb{}\u00a0\u00bb theme_builder_area=\u00a0\u00bbpost_content\u00a0\u00bb width=\u00a0\u00bb66%\u00a0\u00bb module_alignment=\u00a0\u00bbcenter\u00a0\u00bb sticky_enabled=\u00a0\u00bb0&Prime;][\/et_pb_image][et_pb_text _builder_version=\u00a0\u00bb4.19.5&Prime; text_text_color=\u00a0\u00bb#474ab6&Prime; text_font_size=\u00a0\u00bb16px\u00a0\u00bb text_line_height=\u00a0\u00bb1.9em\u00a0\u00bb background_size=\u00a0\u00bbinitial\u00a0\u00bb background_position=\u00a0\u00bbtop_left\u00a0\u00bb background_repeat=\u00a0\u00bbrepeat\u00a0\u00bb text_orientation=\u00a0\u00bbcenter\u00a0\u00bb max_width=\u00a0\u00bb763px\u00a0\u00bb module_alignment=\u00a0\u00bbcenter\u00a0\u00bb custom_margin=\u00a0\u00bb173px|||97px||\u00a0\u00bb custom_padding=\u00a0\u00bb|||0px||\u00a0\u00bb text_font_size_tablet=\u00a0\u00bb13px\u00a0\u00bb text_font_size_phone=\u00a0\u00bb9px\u00a0\u00bb text_font_size_last_edited=\u00a0\u00bbon|phone\u00a0\u00bb locked=\u00a0\u00bboff\u00a0\u00bb global_colors_info=\u00a0\u00bb{}\u00a0\u00bb theme_builder_area=\u00a0\u00bbpost_content\u00a0\u00bb]<\/p>\n<p class=\"_04xlpA direction-ltr align-center para-style-subtitle\" style=\"text-align: justify;\"><span style=\"color: #000000;\">Le <strong>CEDEST<\/strong> \u00e9tait pr\u00e9sent pour pr\u00e9senter la m\u00e9decine du travail, <strong>Pr\u00e9val Littoral Flandres<\/strong> pour l&rsquo;alimentation, l&rsquo;<strong>Espace Sant\u00e9 du Littoral<\/strong> pour la pr\u00e9sentation des conduites \u00e0 risques, l&rsquo;<strong>Apahm<\/strong> pour une sensibilisation sur le handicap avec une simulation par les apprentis. Enfin, l&rsquo;un de nos partenaires du Boulonnais \u00e9tait \u00e9galement pr\u00e9sent sur ce Village : <strong>Sophropartage<\/strong> pour la gestion du stress et le bien-\u00eatre.<\/span><span class=\"JsGRdQ white-space-prewrap\"><\/span><\/p>\n<p class=\"_04xlpA direction-ltr align-center para-style-subtitle\" style=\"text-align: justify;\"><span class=\"JsGRdQ\"><\/span><\/p>\n<p class=\"_04xlpA direction-ltr align-center para-style-subtitle\" style=\"text-align: justify;\">[\/et_pb_text][et_pb_image src=\u00a0\u00bbhttps:\/\/malco-hdf.com\/wp-content\/uploads\/2022\/03\/274378570_1144152569715509_332377004103525195_n.jpg\u00a0\u00bb title_text=\u00a0\u00bb274378570_1144152569715509_332377004103525195_n\u00a0\u00bb _builder_version=\u00a0\u00bb4.27.0&Prime; _module_preset=\u00a0\u00bbdefault\u00a0\u00bb hover_enabled=\u00a0\u00bb0&Prime; global_colors_info=\u00a0\u00bb{}\u00a0\u00bb theme_builder_area=\u00a0\u00bbpost_content\u00a0\u00bb width=\u00a0\u00bb66%\u00a0\u00bb module_alignment=\u00a0\u00bbcenter\u00a0\u00bb sticky_enabled=\u00a0\u00bb0&Prime;][\/et_pb_image][et_pb_image src=\u00a0\u00bbhttps:\/\/malco-hdf.com\/wp-content\/uploads\/2022\/03\/BANDE-MAIL.png\u00a0\u00bb title_text=\u00a0\u00bbBANDE MAIL\u00a0\u00bb _builder_version=\u00a0\u00bb4.27.0&Prime; _module_preset=\u00a0\u00bbdefault\u00a0\u00bb hover_enabled=\u00a0\u00bb0&Prime; global_colors_info=\u00a0\u00bb{}\u00a0\u00bb theme_builder_area=\u00a0\u00bbpost_content\u00a0\u00bb sticky_enabled=\u00a0\u00bb0&Prime;][\/et_pb_image][et_pb_text _builder_version=\u00a0\u00bb4.19.5&Prime; _module_preset=\u00a0\u00bbdefault\u00a0\u00bb text_font_size=\u00a0\u00bb16px\u00a0\u00bb text_line_height=\u00a0\u00bb1.9em\u00a0\u00bb custom_padding=\u00a0\u00bb||3px|||\u00a0\u00bb text_font_size_tablet=\u00a0\u00bb13px\u00a0\u00bb text_font_size_phone=\u00a0\u00bb10px\u00a0\u00bb text_font_size_last_edited=\u00a0\u00bbon|tablet\u00a0\u00bb header_font_size_tablet=\u00a0\u00bb\u00a0\u00bb header_font_size_phone=\u00a0\u00bb28px\u00a0\u00bb header_font_size_last_edited=\u00a0\u00bbon|phone\u00a0\u00bb global_colors_info=\u00a0\u00bb{}\u00a0\u00bb theme_builder_area=\u00a0\u00bbpost_content\u00a0\u00bb]<\/p>\n<p style=\"text-align: justify;\"><span style=\"color: #000000;\">Les apprentis ont pu \u00e9galement d\u00e9couvrir ce qu&rsquo;est MALCO HDF et surtout ses services en terme de Sant\u00e9, Logement, Mobilit\u00e9 et Insertion. Cette journ\u00e9e de partage sur le Dunkerquois fut un premier pas dans le Nord pour le d\u00e9veloppement de l&rsquo;association sur toute la C\u00f4te d&rsquo;Opale et les Flandres.<\/span><\/p>\n<p>[\/et_pb_text][\/et_pb_column][\/et_pb_row][\/et_pb_section]<\/p>\n","protected":false},"excerpt":{"rendered":"<p>Un nouveau Village Sant\u00e9 Apprenti.e.s (VSA) pour MALCO HDF mais cette fois-ci cette action de pr\u00e9vention se d\u00e9roule aupr\u00e8s des apprenti.e.s du DunkerquoisMardi 22 f\u00e9vrier, MALCO HDF a pu s&rsquo;ouvrir sur Dunkerque gr\u00e2ce \u00e0 un nouveau VSA au sein de la CMA de Dunkerque. Une nouvelle opportunit\u00e9 de sensibiliser les apprentis \u00e0 travers des actions [&hellip;]<\/p>\n","protected":false},"author":2,"featured_media":216622,"comment_status":"open","ping_status":"open","sticky":false,"template":"","format":"standard","meta":{"_et_pb_use_builder":"on","_et_pb_old_content":"","_et_gb_content_width":"","footnotes":""},"categories":[1],"tags":[],"class_list":["post-216610","post","type-post","status-publish","format-standard","has-post-thumbnail","hentry","category-non-classe"],"_links":{"self":[{"href":"https:\/\/malco-hdf.com\/index.php\/wp-json\/wp\/v2\/posts\/216610","targetHints":{"allow":["GET"]}}],"collection":[{"href":"https:\/\/malco-hdf.com\/index.php\/wp-json\/wp\/v2\/posts"}],"about":[{"href":"https:\/\/malco-hdf.com\/index.php\/wp-json\/wp\/v2\/types\/post"}],"author":[{"embeddable":true,"href":"https:\/\/malco-hdf.com\/index.php\/wp-json\/wp\/v2\/users\/2"}],"replies":[{"embeddable":true,"href":"https:\/\/malco-hdf.com\/index.php\/wp-json\/wp\/v2\/comments?post=216610"}],"version-history":[{"count":15,"href":"https:\/\/malco-hdf.com\/index.php\/wp-json\/wp\/v2\/posts\/216610\/revisions"}],"predecessor-version":[{"id":218088,"href":"https:\/\/malco-hdf.com\/index.php\/wp-json\/wp\/v2\/posts\/216610\/revisions\/218088"}],"wp:featuredmedia":[{"embeddable":true,"href":"https:\/\/malco-hdf.com\/index.php\/wp-json\/wp\/v2\/media\/216622"}],"wp:attachment":[{"href":"https:\/\/malco-hdf.com\/index.php\/wp-json\/wp\/v2\/media?parent=216610"}],"wp:term":[{"taxonomy":"category","embeddable":true,"href":"https:\/\/malco-hdf.com\/index.php\/wp-json\/wp\/v2\/categories?post=216610"},{"taxonomy":"post_tag","embeddable":true,"href":"https:\/\/malco-hdf.com\/index.php\/wp-json\/wp\/v2\/tags?post=216610"}],"curies":[{"name":"wp","href":"https:\/\/api.w.org\/{rel}","templated":true}]}}