{"id":215901,"date":"2021-10-19T14:21:20","date_gmt":"2021-10-19T12:21:20","guid":{"rendered":"https:\/\/malco-hdf.com\/?p=215901"},"modified":"2026-04-14T14:49:48","modified_gmt":"2026-04-14T12:49:48","slug":"215901","status":"publish","type":"post","link":"https:\/\/malco-hdf.com\/index.php\/2021\/10\/19\/215901\/","title":{"rendered":"Notre Village Sant\u00e9 Apprenti.e.s (VSA) du 12 octobre 2021 \u00e0 la CMA de Calais"},"content":{"rendered":"<p>[et_pb_section fb_built=\u00a0\u00bb1&Prime; admin_label=\u00a0\u00bbBlog Hero\u00a0\u00bb _builder_version=\u00a0\u00bb4.19.5&Prime; background_color=\u00a0\u00bb#FFFFFF\u00a0\u00bb background_blend=\u00a0\u00bbmultiply\u00a0\u00bb min_height=\u00a0\u00bb419.5px\u00a0\u00bb custom_margin=\u00a0\u00bb||-95px|||\u00a0\u00bb custom_padding=\u00a0\u00bb99px|0px|99px|0px|true|\u00a0\u00bb animation_style=\u00a0\u00bbslide\u00a0\u00bb animation_direction=\u00a0\u00bbtop\u00a0\u00bb animation_intensity_slide=\u00a0\u00bb2%\u00a0\u00bb locked=\u00a0\u00bboff\u00a0\u00bb global_colors_info=\u00a0\u00bb{}\u00a0\u00bb theme_builder_area=\u00a0\u00bbpost_content\u00a0\u00bb][et_pb_row _builder_version=\u00a0\u00bb4.16&Prime; background_size=\u00a0\u00bbinitial\u00a0\u00bb background_position=\u00a0\u00bbtop_left\u00a0\u00bb background_repeat=\u00a0\u00bbrepeat\u00a0\u00bb custom_margin=\u00a0\u00bb|||\u00a0\u00bb custom_padding=\u00a0\u00bb27px|0px|27px|0px\u00a0\u00bb custom_width_px=\u00a0\u00bb1280px\u00a0\u00bb global_colors_info=\u00a0\u00bb{}\u00a0\u00bb theme_builder_area=\u00a0\u00bbpost_content\u00a0\u00bb][et_pb_column type=\u00a0\u00bb4_4&Prime; _builder_version=\u00a0\u00bb4.16&Prime; custom_padding=\u00a0\u00bb|||\u00a0\u00bb global_colors_info=\u00a0\u00bb{}\u00a0\u00bb custom_padding__hover=\u00a0\u00bb|||\u00a0\u00bb theme_builder_area=\u00a0\u00bbpost_content\u00a0\u00bb][et_pb_post_title _builder_version=\u00a0\u00bb4.27.0&Prime; _module_preset=\u00a0\u00bbdefault\u00a0\u00bb theme_builder_area=\u00a0\u00bbpost_content\u00a0\u00bb author=\u00a0\u00bboff\u00a0\u00bb comments=\u00a0\u00bboff\u00a0\u00bb featured_image=\u00a0\u00bboff\u00a0\u00bb title_font=\u00a0\u00bbPoppins|700|||||||\u00a0\u00bb title_font_size=\u00a0\u00bb37px\u00a0\u00bb title_text_align=\u00a0\u00bbcenter\u00a0\u00bb meta_text_align=\u00a0\u00bbcenter\u00a0\u00bb hover_enabled=\u00a0\u00bb0&Prime; sticky_enabled=\u00a0\u00bb0&Prime;][\/et_pb_post_title][et_pb_text _builder_version=\u00a0\u00bb4.19.5&Prime; text_text_color=\u00a0\u00bb#000000&Prime; text_font_size=\u00a0\u00bb16px\u00a0\u00bb text_line_height=\u00a0\u00bb1.9em\u00a0\u00bb background_size=\u00a0\u00bbinitial\u00a0\u00bb background_position=\u00a0\u00bbtop_left\u00a0\u00bb background_repeat=\u00a0\u00bbrepeat\u00a0\u00bb text_orientation=\u00a0\u00bbcenter\u00a0\u00bb max_width=\u00a0\u00bb540px\u00a0\u00bb module_alignment=\u00a0\u00bbcenter\u00a0\u00bb custom_margin=\u00a0\u00bb|-42px||-142px||\u00a0\u00bb text_font_size_tablet=\u00a0\u00bb15px\u00a0\u00bb text_font_size_phone=\u00a0\u00bb11px\u00a0\u00bb text_font_size_last_edited=\u00a0\u00bbon|phone\u00a0\u00bb header_font_size_tablet=\u00a0\u00bb25px\u00a0\u00bb header_font_size_phone=\u00a0\u00bb25px\u00a0\u00bb header_font_size_last_edited=\u00a0\u00bbon|tablet\u00a0\u00bb locked=\u00a0\u00bboff\u00a0\u00bb global_colors_info=\u00a0\u00bb{}\u00a0\u00bb theme_builder_area=\u00a0\u00bbpost_content\u00a0\u00bb]<\/p>\n<p class=\"_04xlpA direction-ltr align-center para-style-subtitle\" style=\"text-align: justify;\"><strong><span class=\"JsGRdQ\">L&rsquo;\u00e9quipe de la MALCO a organis\u00e9e mardi dernier un Village Sant\u00e9 Apprenti.e.s (VSA) \u00e0 la CMA de Calais dans le but de <\/span>sensibiliser les apprenti.e.s.<\/strong><\/p>\n<p>[\/et_pb_text][et_pb_text _builder_version=\u00a0\u00bb4.19.5&Prime; _module_preset=\u00a0\u00bbdefault\u00a0\u00bb text_text_color=\u00a0\u00bb#000000&Prime; text_font_size=\u00a0\u00bb16px\u00a0\u00bb text_line_height=\u00a0\u00bb1.9em\u00a0\u00bb background_color=\u00a0\u00bbRGBA(255,255,255,0)\u00a0\u00bb background_size=\u00a0\u00bbinitial\u00a0\u00bb background_position=\u00a0\u00bbtop_left\u00a0\u00bb background_repeat=\u00a0\u00bbrepeat\u00a0\u00bb text_orientation=\u00a0\u00bbcenter\u00a0\u00bb max_width=\u00a0\u00bb540px\u00a0\u00bb module_alignment=\u00a0\u00bbcenter\u00a0\u00bb custom_margin=\u00a0\u00bb|-41px||||\u00a0\u00bb custom_padding=\u00a0\u00bb|||0px||\u00a0\u00bb text_font_size_tablet=\u00a0\u00bb13px\u00a0\u00bb text_font_size_phone=\u00a0\u00bb9px\u00a0\u00bb text_font_size_last_edited=\u00a0\u00bbon|phone\u00a0\u00bb locked=\u00a0\u00bboff\u00a0\u00bb global_colors_info=\u00a0\u00bb{}\u00a0\u00bb theme_builder_area=\u00a0\u00bbpost_content\u00a0\u00bb]<\/p>\n<p class=\"_04xlpA direction-ltr align-center para-style-subtitle\" style=\"text-align: justify;\"><span class=\"JsGRdQ\">Mardi 12 octobre les apprenti.e.s de la CMA Hauts-de-France de Calais ont particip\u00e9 au Village Sant\u00e9 Apprenti.e.s (VSA) organis\u00e9 par la MALCO. Les jeunes apprenti.e.s en CAP boucher, charcuterie et coiffure ont \u00e9t\u00e9 s\u00e9par\u00e9 en diff\u00e9rents groupes pour participer \u00e0 tous les stands. L&rsquo;objectif de ce VSA est de sensibiliser les apprenti.e.s sur des th\u00e9matiques sant\u00e9 telles que la vie affective et la sexualit\u00e9, la m\u00e9decine du travail, l&rsquo;affiliation \u00e0 la CPAM, les arr\u00eats\/accidents de travail, la pr\u00e9vention bucco-dentaire ou encore une pr\u00e9vention sur les diff\u00e9rentes addictions auxquelles les jeunes peuvent faire face. Cette pr\u00e9vention se fait \u00e0 travers diff\u00e9rents stands tenus par nos partenaires qui sont charg\u00e9s, par des moyens ludiques et participatifs, d&rsquo;informer et de sensibiliser les apprenti.e.s sur ces th\u00e9matiques sant\u00e9.<\/span><\/p>\n<p>[\/et_pb_text][\/et_pb_column][\/et_pb_row][\/et_pb_section][et_pb_section fb_built=\u00a0\u00bb1&Prime; _builder_version=\u00a0\u00bb4.16&Prime; _module_preset=\u00a0\u00bbdefault\u00a0\u00bb min_height=\u00a0\u00bb666.7px\u00a0\u00bb custom_margin=\u00a0\u00bb||-133px|||\u00a0\u00bb global_colors_info=\u00a0\u00bb{}\u00a0\u00bb theme_builder_area=\u00a0\u00bbpost_content\u00a0\u00bb][et_pb_row _builder_version=\u00a0\u00bb4.16&Prime; _module_preset=\u00a0\u00bbdefault\u00a0\u00bb custom_margin=\u00a0\u00bb-37px|auto||auto||\u00a0\u00bb custom_padding=\u00a0\u00bb1px|||||\u00a0\u00bb global_colors_info=\u00a0\u00bb{}\u00a0\u00bb theme_builder_area=\u00a0\u00bbpost_content\u00a0\u00bb][et_pb_column type=\u00a0\u00bb4_4&Prime; _builder_version=\u00a0\u00bb4.16&Prime; _module_preset=\u00a0\u00bbdefault\u00a0\u00bb global_colors_info=\u00a0\u00bb{}\u00a0\u00bb theme_builder_area=\u00a0\u00bbpost_content\u00a0\u00bb][et_pb_image src=\u00a0\u00bbhttps:\/\/malco-hdf.com\/wp-content\/uploads\/2021\/10\/245372111_399223004999168_1928603245549907274_n.png\u00a0\u00bb title_text=\u00a0\u00bb245372111_399223004999168_1928603245549907274_n\u00a0\u00bb _builder_version=\u00a0\u00bb4.27.0&Prime; _module_preset=\u00a0\u00bbdefault\u00a0\u00bb min_height=\u00a0\u00bb471.7px\u00a0\u00bb custom_margin=\u00a0\u00bb||-93px|||\u00a0\u00bb custom_padding=\u00a0\u00bb||0px|||\u00a0\u00bb hover_enabled=\u00a0\u00bb0&Prime; global_colors_info=\u00a0\u00bb{}\u00a0\u00bb theme_builder_area=\u00a0\u00bbpost_content\u00a0\u00bb width=\u00a0\u00bb75%\u00a0\u00bb module_alignment=\u00a0\u00bbcenter\u00a0\u00bb sticky_enabled=\u00a0\u00bb0&Prime;][\/et_pb_image][et_pb_text _builder_version=\u00a0\u00bb4.19.5&Prime; text_text_color=\u00a0\u00bb#000000&Prime; text_font_size=\u00a0\u00bb16px\u00a0\u00bb text_line_height=\u00a0\u00bb1.9em\u00a0\u00bb background_size=\u00a0\u00bbinitial\u00a0\u00bb background_position=\u00a0\u00bbtop_left\u00a0\u00bb background_repeat=\u00a0\u00bbrepeat\u00a0\u00bb text_orientation=\u00a0\u00bbcenter\u00a0\u00bb max_width=\u00a0\u00bb540px\u00a0\u00bb module_alignment=\u00a0\u00bbcenter\u00a0\u00bb custom_margin=\u00a0\u00bb173px|||||\u00a0\u00bb custom_padding=\u00a0\u00bb|||0px||\u00a0\u00bb text_font_size_tablet=\u00a0\u00bb13px\u00a0\u00bb text_font_size_phone=\u00a0\u00bb9px\u00a0\u00bb text_font_size_last_edited=\u00a0\u00bbon|phone\u00a0\u00bb locked=\u00a0\u00bboff\u00a0\u00bb global_colors_info=\u00a0\u00bb{}\u00a0\u00bb theme_builder_area=\u00a0\u00bbpost_content\u00a0\u00bb]<\/p>\n<p class=\"_04xlpA direction-ltr align-center para-style-subtitle\" style=\"text-align: justify;\"><span class=\"JsGRdQ\">Ce Village Sant\u00e9 Apprenti.e.s est organis\u00e9 dans un objectif de pr\u00e9vention et de sensibilisation aupr\u00e8s des apprenti.e.s qui entrent dans la vie professionnelle. En effet, de nombreux jeunes ne sont pas au courant de l&rsquo;existance et l&rsquo;int\u00e9r\u00eat de la carte d&rsquo;assurance maladie de la CPAM, de l&rsquo;existance d&rsquo;un m\u00e9decin du travail et de la visite d&rsquo;information et de pr\u00e9vention (VIP), ou encore ressentent le besoin d&rsquo;\u00eatre inform\u00e9 sur la vie affective et sexuelle.<\/span><span class=\"JsGRdQ white-space-prewrap\"> <\/span><span class=\"JsGRdQ\">Les 61 apprenti.e.s pr\u00e9sents au VSA \u00e0 la CMA ont pu \u00eatre inform\u00e9s sur toutes ces th\u00e9matiques sant\u00e9 tout en participant \u00e0 des jeux et pouvant repartir avec des petits cadeaux de la part des partenaires.<\/span><span class=\"JsGRdQ white-space-prewrap\"><\/span><\/p>\n<p class=\"_04xlpA direction-ltr align-center para-style-subtitle\" style=\"text-align: justify;\"><span class=\"JsGRdQ\"><\/span><\/p>\n<p class=\"_04xlpA direction-ltr align-center para-style-subtitle\" style=\"text-align: justify;\"><span class=\"JsGRdQ\">Nos partenaires pr\u00e9sents ce mardi \u00e9taient ASTIL62 pour la m\u00e9decine du travail, l&rsquo;association ABCD pour les diff\u00e9rents addictions (jeux, tabac, drogues, nourriture, alcool&#8230;), le CPEF (Centre de Planification et d&rsquo;Education Familiale pour la vie affective et sexuelle. La CPAM \u00e9tait aussi pr\u00e9sente \u00e0 travers trois stands diff\u00e9rents : Le premier avait pour sujet l&rsquo;affiliation \u00e0 la CPAM, la carte vitale et le m\u00e9decin traitant, le deuxi\u00e8me traitait les accidents de travail et arr\u00eats maladie mais aussi la Compl\u00e9mentaire sant\u00e9 solidaire, et le dernier stand avait pour sujet l&rsquo;hygi\u00e8ne bucco-dentaire et les MAS (Missions d&rsquo;Accompagnement Sant\u00e9). La MALCO tenait aussi un stand afin de pr\u00e9senter l&rsquo;association et proposer des adh\u00e9sions \u00e0 tous les apprenti.e.s.<span class=\"JsGRdQ white-space-prewrap\"><\/span><\/span><\/p>\n<p>[\/et_pb_text][et_pb_image src=\u00a0\u00bbhttps:\/\/malco-hdf.com\/wp-content\/uploads\/2021\/10\/245630097_1062791937594584_6892132834986039878_n.jpg\u00a0\u00bb title_text=\u00a0\u00bb245630097_1062791937594584_6892132834986039878_n\u00a0\u00bb _builder_version=\u00a0\u00bb4.27.0&Prime; _module_preset=\u00a0\u00bbdefault\u00a0\u00bb hover_enabled=\u00a0\u00bb0&Prime; border_radii=\u00a0\u00bbon|50px|50px|50px|50px\u00a0\u00bb border_color_all=\u00a0\u00bbRGBA(0,0,0,0)\u00a0\u00bb global_colors_info=\u00a0\u00bb{}\u00a0\u00bb theme_builder_area=\u00a0\u00bbpost_content\u00a0\u00bb width=\u00a0\u00bb71%\u00a0\u00bb module_alignment=\u00a0\u00bbcenter\u00a0\u00bb sticky_enabled=\u00a0\u00bb0&Prime;][\/et_pb_image][et_pb_testimonial author=\u00a0\u00bbMathieu Lef\u00e8vre\u00a0\u00bb job_title=\u00a0\u00bb CPE \u00a0\u00bb company_name=\u00a0\u00bbChambre des M\u00e9tiers et de l&rsquo;Artisanat (CMA) de Calais\u00a0\u00bb quote_icon_color=\u00a0\u00bb#e4438d\u00a0\u00bb _builder_version=\u00a0\u00bb4.19.5&Prime; _module_preset=\u00a0\u00bbdefault\u00a0\u00bb body_font=\u00a0\u00bbAdamina||||||||\u00a0\u00bb body_text_align=\u00a0\u00bbjustify\u00a0\u00bb body_text_color=\u00a0\u00bb#000000&Prime; body_line_height=\u00a0\u00bb1.8em\u00a0\u00bb text_orientation=\u00a0\u00bbjustified\u00a0\u00bb body_font_size_tablet=\u00a0\u00bb13px\u00a0\u00bb body_font_size_phone=\u00a0\u00bb10px\u00a0\u00bb body_font_size_last_edited=\u00a0\u00bbon|tablet\u00a0\u00bb position_font_tablet=\u00a0\u00bb\u00a0\u00bb position_font_phone=\u00a0\u00bb\u00a0\u00bb position_font_last_edited=\u00a0\u00bbon|phone\u00a0\u00bb position_font_size_tablet=\u00a0\u00bb\u00a0\u00bb position_font_size_phone=\u00a0\u00bb13px\u00a0\u00bb position_font_size_last_edited=\u00a0\u00bbon|phone\u00a0\u00bb company_font_size_tablet=\u00a0\u00bb\u00a0\u00bb company_font_size_phone=\u00a0\u00bb13px\u00a0\u00bb company_font_size_last_edited=\u00a0\u00bbon|phone\u00a0\u00bb global_colors_info=\u00a0\u00bb{}\u00a0\u00bb theme_builder_area=\u00a0\u00bbpost_content\u00a0\u00bb]<\/p>\n<p><span class=\"JsGRdQ\"> <\/span><span class=\"JsGRdQ\">\u00ab\u00a0Ce Village Sant\u00e9 a un impact positif en vue des r\u00e9actions des apprenti.e.s et les retours des coll\u00e8gues sont positifs. Ces actions de sant\u00e9 sont un vrai tremplin qui va permettre de faire le lien avec les projets professionnels et \u00e9ducatifs des apprenti.e.s\u00a0\u00bb<\/span><span class=\"JsGRdQ white-space-prewrap\"> <\/span><\/p>\n<p>[\/et_pb_testimonial][et_pb_testimonial author=\u00a0\u00bbEnzo Dubois &#8211; 15 ans\u00a0\u00bb job_title=\u00a0\u00bb1\u00e8re ann\u00e9e de CAP BOUCHER\u00a0\u00bb company_name=\u00a0\u00bbCMA de Calais\u00a0\u00bb quote_icon_color=\u00a0\u00bb#e4438d\u00a0\u00bb _builder_version=\u00a0\u00bb4.19.5&Prime; _module_preset=\u00a0\u00bbdefault\u00a0\u00bb body_font=\u00a0\u00bbAdamina||||||||\u00a0\u00bb body_text_align=\u00a0\u00bbjustify\u00a0\u00bb body_text_color=\u00a0\u00bb#000000&Prime; body_line_height=\u00a0\u00bb1.8em\u00a0\u00bb text_orientation=\u00a0\u00bbjustified\u00a0\u00bb body_font_size_tablet=\u00a0\u00bb13px\u00a0\u00bb body_font_size_phone=\u00a0\u00bb10px\u00a0\u00bb body_font_size_last_edited=\u00a0\u00bbon|tablet\u00a0\u00bb position_font_tablet=\u00a0\u00bb\u00a0\u00bb position_font_phone=\u00a0\u00bb\u00a0\u00bb position_font_last_edited=\u00a0\u00bbon|phone\u00a0\u00bb position_font_size_tablet=\u00a0\u00bb\u00a0\u00bb position_font_size_phone=\u00a0\u00bb13px\u00a0\u00bb position_font_size_last_edited=\u00a0\u00bbon|phone\u00a0\u00bb company_font_size_tablet=\u00a0\u00bb\u00a0\u00bb company_font_size_phone=\u00a0\u00bb13px\u00a0\u00bb company_font_size_last_edited=\u00a0\u00bbon|phone\u00a0\u00bb global_colors_info=\u00a0\u00bb{}\u00a0\u00bb theme_builder_area=\u00a0\u00bbpost_content\u00a0\u00bb]<\/p>\n<p><span class=\"JsGRdQ\">\u00ab\u00a0Il y a une bonne organisation du Village et ces actions m&rsquo;ont permis de prendre plein de renseignements car je n&rsquo;avais aucune connaissance sur la s\u00e9curit\u00e9 sociale ou encore la m\u00e9decine du travail\u00a0\u00bb<\/span><\/p>\n<p>[\/et_pb_testimonial][et_pb_testimonial author=\u00a0\u00bbSarah Cherrak\u00a0\u00bb job_title=\u00a0\u00bbProfesseur de maths, sciences et PSE\u00a0\u00bb company_name=\u00a0\u00bbCMA de Calais\u00a0\u00bb quote_icon_color=\u00a0\u00bb#e4438d\u00a0\u00bb _builder_version=\u00a0\u00bb4.19.5&Prime; _module_preset=\u00a0\u00bbdefault\u00a0\u00bb body_font=\u00a0\u00bbAdamina||||||||\u00a0\u00bb body_text_align=\u00a0\u00bbjustify\u00a0\u00bb body_text_color=\u00a0\u00bb#000000&Prime; body_line_height=\u00a0\u00bb1.8em\u00a0\u00bb text_orientation=\u00a0\u00bbjustified\u00a0\u00bb body_font_size_tablet=\u00a0\u00bb13px\u00a0\u00bb body_font_size_phone=\u00a0\u00bb10px\u00a0\u00bb body_font_size_last_edited=\u00a0\u00bbon|tablet\u00a0\u00bb position_font_tablet=\u00a0\u00bb\u00a0\u00bb position_font_phone=\u00a0\u00bb\u00a0\u00bb position_font_last_edited=\u00a0\u00bbon|phone\u00a0\u00bb position_font_size_tablet=\u00a0\u00bb\u00a0\u00bb position_font_size_phone=\u00a0\u00bb13px\u00a0\u00bb position_font_size_last_edited=\u00a0\u00bbon|phone\u00a0\u00bb company_font_size_tablet=\u00a0\u00bb\u00a0\u00bb company_font_size_phone=\u00a0\u00bb13px\u00a0\u00bb company_font_size_last_edited=\u00a0\u00bbon|phone\u00a0\u00bb global_colors_info=\u00a0\u00bb{}\u00a0\u00bb theme_builder_area=\u00a0\u00bbpost_content\u00a0\u00bb]<\/p>\n<p><span class=\"JsGRdQ\">\u00ab\u00a0Je trouve que c&rsquo;est tr\u00e8s int\u00e9ressant et tr\u00e8s ludique pour les apprenti.e.s. Ce VSA va permette de faire le lien avec les cours de PSE car nous avons d\u00e9j\u00e0 trait\u00e9s la sexualit\u00e9 et l&rsquo;assurance (CPAM)\u00a0\u00bb<\/span><\/p>\n<p>[\/et_pb_testimonial][et_pb_testimonial author=\u00a0\u00bbJean Luc Ellart\u00a0\u00bb company_name=\u00a0\u00bbASTIL62&Prime; quote_icon_color=\u00a0\u00bb#e4438d\u00a0\u00bb _builder_version=\u00a0\u00bb4.19.5&Prime; _module_preset=\u00a0\u00bbdefault\u00a0\u00bb body_font=\u00a0\u00bbAdamina||||||||\u00a0\u00bb body_text_align=\u00a0\u00bbjustify\u00a0\u00bb body_text_color=\u00a0\u00bb#000000&Prime; body_line_height=\u00a0\u00bb1.8em\u00a0\u00bb text_orientation=\u00a0\u00bbjustified\u00a0\u00bb body_font_size_tablet=\u00a0\u00bb13px\u00a0\u00bb body_font_size_phone=\u00a0\u00bb10px\u00a0\u00bb body_font_size_last_edited=\u00a0\u00bbon|tablet\u00a0\u00bb position_font_tablet=\u00a0\u00bb\u00a0\u00bb position_font_phone=\u00a0\u00bb\u00a0\u00bb position_font_last_edited=\u00a0\u00bbon|phone\u00a0\u00bb position_font_size_tablet=\u00a0\u00bb\u00a0\u00bb position_font_size_phone=\u00a0\u00bb13px\u00a0\u00bb position_font_size_last_edited=\u00a0\u00bbon|phone\u00a0\u00bb company_font_size_tablet=\u00a0\u00bb\u00a0\u00bb company_font_size_phone=\u00a0\u00bb13px\u00a0\u00bb company_font_size_last_edited=\u00a0\u00bbon|phone\u00a0\u00bb global_colors_info=\u00a0\u00bb{}\u00a0\u00bb theme_builder_area=\u00a0\u00bbpost_content\u00a0\u00bb]<\/p>\n<p><span class=\"JsGRdQ\">\u00ab\u00a0C&rsquo;est assez int\u00e9ressant car les jeunes sont d\u00e9j\u00e0 salari\u00e9s et il est important qu&rsquo;ils soient inform\u00e9s sur les droits \u00e0 la sant\u00e9. Ce Village Sant\u00e9 est le bon moment de faire annoncer ces messages aux apprenti.e.s de tout \u00e2ges de fa\u00e7on ludique (par petits jeux, questionnaires et la distribution de cadeaux publicitaires) et donc efficace\u00a0\u00bb<\/span><\/p>\n<p>[\/et_pb_testimonial][et_pb_text disabled_on=\u00a0\u00bboff|off|off\u00a0\u00bb _builder_version=\u00a0\u00bb4.19.5&Prime; text_text_color=\u00a0\u00bb#000000&Prime; text_font_size=\u00a0\u00bb16px\u00a0\u00bb text_line_height=\u00a0\u00bb1.9em\u00a0\u00bb background_size=\u00a0\u00bbinitial\u00a0\u00bb background_position=\u00a0\u00bbtop_left\u00a0\u00bb background_repeat=\u00a0\u00bbrepeat\u00a0\u00bb text_orientation=\u00a0\u00bbcenter\u00a0\u00bb max_width=\u00a0\u00bb540px\u00a0\u00bb module_alignment=\u00a0\u00bbcenter\u00a0\u00bb min_height=\u00a0\u00bb168px\u00a0\u00bb custom_margin=\u00a0\u00bb35px||35px||true|\u00a0\u00bb custom_padding=\u00a0\u00bb0px|||0px||\u00a0\u00bb text_font_size_tablet=\u00a0\u00bb14px\u00a0\u00bb text_font_size_phone=\u00a0\u00bb10px\u00a0\u00bb text_font_size_last_edited=\u00a0\u00bbon|phone\u00a0\u00bb locked=\u00a0\u00bboff\u00a0\u00bb global_colors_info=\u00a0\u00bb{}\u00a0\u00bb theme_builder_area=\u00a0\u00bbpost_content\u00a0\u00bb]<\/p>\n<p style=\"text-align: justify;\"><span class=\"JsGRdQ\">Le Village Sant\u00e9 Apprenti.e.s a permis<\/span><span class=\"JsGRdQ white-space-prewrap\"> <\/span><span class=\"JsGRdQ\">de mener des \u00e9tudes par le biais de questionnaires qui serviront pour de nouvelles actions en interne. Cette journ\u00e9e autour de la Pr\u00e9vention sant\u00e9 a permis de cr\u00e9er un premier lien entre apprenti.e.s et partenaires, d&rsquo;orienter nos prochaines actions, mais aussi de faire d\u00e9couvrir 8 th\u00e9matiques sant\u00e9 aux jeunes.<\/span><\/p>\n<p>[\/et_pb_text][\/et_pb_column][\/et_pb_row][\/et_pb_section]<\/p>\n","protected":false},"excerpt":{"rendered":"<p>L&rsquo;\u00e9quipe de la MALCO a organis\u00e9e mardi dernier un Village Sant\u00e9 Apprenti.e.s (VSA) \u00e0 la CMA de Calais dans le but de sensibiliser les apprenti.e.s.Mardi 12 octobre les apprenti.e.s de la CMA Hauts-de-France de Calais ont particip\u00e9 au Village Sant\u00e9 Apprenti.e.s (VSA) organis\u00e9 par la MALCO. Les jeunes apprenti.e.s en CAP boucher, charcuterie et coiffure [&hellip;]<\/p>\n","protected":false},"author":2,"featured_media":215972,"comment_status":"open","ping_status":"open","sticky":false,"template":"","format":"standard","meta":{"_et_pb_use_builder":"on","_et_pb_old_content":"","_et_gb_content_width":"","footnotes":""},"categories":[33],"tags":[36],"class_list":["post-215901","post","type-post","status-publish","format-standard","has-post-thumbnail","hentry","category-sante","tag-36"],"_links":{"self":[{"href":"https:\/\/malco-hdf.com\/index.php\/wp-json\/wp\/v2\/posts\/215901","targetHints":{"allow":["GET"]}}],"collection":[{"href":"https:\/\/malco-hdf.com\/index.php\/wp-json\/wp\/v2\/posts"}],"about":[{"href":"https:\/\/malco-hdf.com\/index.php\/wp-json\/wp\/v2\/types\/post"}],"author":[{"embeddable":true,"href":"https:\/\/malco-hdf.com\/index.php\/wp-json\/wp\/v2\/users\/2"}],"replies":[{"embeddable":true,"href":"https:\/\/malco-hdf.com\/index.php\/wp-json\/wp\/v2\/comments?post=215901"}],"version-history":[{"count":10,"href":"https:\/\/malco-hdf.com\/index.php\/wp-json\/wp\/v2\/posts\/215901\/revisions"}],"predecessor-version":[{"id":218092,"href":"https:\/\/malco-hdf.com\/index.php\/wp-json\/wp\/v2\/posts\/215901\/revisions\/218092"}],"wp:featuredmedia":[{"embeddable":true,"href":"https:\/\/malco-hdf.com\/index.php\/wp-json\/wp\/v2\/media\/215972"}],"wp:attachment":[{"href":"https:\/\/malco-hdf.com\/index.php\/wp-json\/wp\/v2\/media?parent=215901"}],"wp:term":[{"taxonomy":"category","embeddable":true,"href":"https:\/\/malco-hdf.com\/index.php\/wp-json\/wp\/v2\/categories?post=215901"},{"taxonomy":"post_tag","embeddable":true,"href":"https:\/\/malco-hdf.com\/index.php\/wp-json\/wp\/v2\/tags?post=215901"}],"curies":[{"name":"wp","href":"https:\/\/api.w.org\/{rel}","templated":true}]}}